{"id":9683,"date":"2013-06-21T16:46:37","date_gmt":"2013-06-21T15:46:37","guid":{"rendered":"http:\/\/www.doulkeridis.be\/blog\/?p=9683"},"modified":"2013-06-26T13:12:42","modified_gmt":"2013-06-26T12:12:42","slug":"toute-la-musique-que-jaime-my-playlist","status":"publish","type":"post","link":"https:\/\/www.doulkeridis.be\/blog\/2013\/06\/21\/toute-la-musique-que-jaime-my-playlist\/","title":{"rendered":"Toute la musique que j&rsquo;aime &#8211; my playlist"},"content":{"rendered":"<p><a href=\"https:\/\/www.doulkeridis.be\/blog\/2013\/06\/21\/toute-la-musique-que-jaime-my-playlist\/baldi\/\" rel=\"attachment wp-att-9700\"><img loading=\"lazy\" decoding=\"async\" class=\"alignleft size-thumbnail wp-image-9700\" alt=\"baldi\" src=\"https:\/\/www.doulkeridis.be\/blog\/wp-content\/uploads\/2013\/06\/baldi-290x290.jpg\" width=\"290\" height=\"290\" srcset=\"https:\/\/www.doulkeridis.be\/blog\/wp-content\/uploads\/2013\/06\/baldi-290x290.jpg 290w, https:\/\/www.doulkeridis.be\/blog\/wp-content\/uploads\/2013\/06\/baldi-300x300.jpg 300w, https:\/\/www.doulkeridis.be\/blog\/wp-content\/uploads\/2013\/06\/baldi-50x50.jpg 50w, https:\/\/www.doulkeridis.be\/blog\/wp-content\/uploads\/2013\/06\/baldi.jpg 612w\" sizes=\"auto, (max-width: 290px) 100vw, 290px\" \/><\/a>Le tempo de ces derniers jours a \u00e9t\u00e9 tr\u00e8s \u00e9lev\u00e9. Apr\u00e8s le concert de d\u00e9clarations en tout sens, notamment la fausse note du solo d&rsquo;un ministre wallon, nous avons eu l&rsquo;occasion d&rsquo;accorder nos violons. Aujourd&rsquo;hui, je suis content de constater que l&rsquo;harmonie a \u00e9t\u00e9 retrouv\u00e9e autour de projets qui r\u00e9pondent concr\u00e8tement aux besoins des Bruxellois.<\/p>\n<p>Comme, je suis convaincu que la musique adoucit les m\u0153urs, je vous propose d\u00e8s lors une playlist que j&rsquo;ai compos\u00e9e sp\u00e9cialement \u00e0 l&rsquo;occasion de la F\u00eate de la Musique. J&rsquo;y reprends des morceaux ou des artistes qui m&rsquo;ont marqu\u00e9 d&rsquo;une mani\u00e8re ou d&rsquo;une autre cette ann\u00e9e.<\/p>\n<p><em><strong style=\"font-size: 1em;\">Les albums que j&rsquo;ai voulu tout de suite acheter :<\/strong><\/em><\/p>\n<p>Il y a d&rsquo;abord un de mes chouchous belges que j&rsquo;avais d\u00e9couvert il y a quelques ann\u00e9es dans une petite salle de concert \u00e0 Etterbeek lorsqu&rsquo;il chantait encore avec ses Pleureurs. J&rsquo;avais \u00e9t\u00e9 sid\u00e9r\u00e9 par l&rsquo;\u00e9nergie que ce g\u00e9ant d\u00e9gageait. L\u00e0, Saule a frapp\u00e9 un \u00e9norm\u00e9 coup en s&rsquo;associant avec un autre de mes chanteurs pr\u00e9f\u00e9r\u00e9s, Charlie Winston. \u00ab\u00a0G\u00e9ant\u00a0\u00bb est un album que j&rsquo;\u00e9coute au moins une fois par semaine et il me redonne chaque fois la m\u00eame \u00e9nergie positive. Son duo avec Charlie pour la chanson <a href=\"https:\/\/www.youtube.com\/watch?v=QYPDufq787c\">\u00ab\u00a0Dusty Men\u00a0\u00bb<\/a> est dans mes musts. La version que je vous propose d&rsquo;\u00e9couter ici est celle de Taratata. Quelle cata que d&rsquo;avoir d\u00e9cid\u00e9 de supprimer cette \u00e9mission. Cela dit, para\u00eet qu&rsquo;elle va n\u00e9anmoins renaitre de ses cendres sous une autre forme (web).<\/p>\n<p>Mon autre coup de coeur fut sans conteste l&rsquo;album de <a href=\"http:\/\/loudoillon.fr\/\">Lou Doillon \u00ab\u00a0Places\u00a0\u00bb<\/a>. J&rsquo;avoue que je suis fan de presque l&rsquo;ensemble de la famille \u00e9largie des Gainsbourg et Birkin. Mais l\u00e0, quel timbre de voix&#8230; J&rsquo;adore. J&rsquo;aimais d\u00e9j\u00e0 lorsqu&rsquo;elle faisait ses spectacles de lectures de textes. Mais en chanson, je craque totalement. Tout le l&rsquo;album, \u00e9crit enti\u00e8rement par elle, est fabuleux. Il est en outre produit par le talentueux Etienne Daho. Je vous propose d&rsquo;\u00e9couter ici son morceau <a href=\"https:\/\/www.youtube.com\/watch?v=HEdXH0UzV-E\">ICU<\/a>.<\/p>\n<p><em><strong>Mes coups de coeur plus \u00ab\u00a0identitaires\u00a0\u00bb<\/strong><\/em><\/p>\n<p>Je fr\u00e9quente, presque tous les dimanches, le vieux march\u00e9 aux puces de la place du Jeu de Balle et termine ma ballade par un verre \u00e0 la Clef d&rsquo;Or. Tous les dimanches, un chanteur bien bruxelleir nous offre son talent avec sa guitare et parmi le public habitu\u00e9, il y a notre national Grand Jojo qui a sorti un album de ses principaux morceaux. Celui qui me fait le plus mourir de rire est assez m\u00e9connu mais vaut son pesant de belgitude : <a href=\"http:\/\/www.dailymotion.com\/video\/x9s218_grand-jojo-patrouille-de-nuit-night_music#.UcSEcfacb7A\">\u00ab\u00a0patrouille de nuit\u00a0\u00bb<\/a>. Apr\u00e8s ses succ\u00e8s au Cirque Royal, notamment, notre artiste national, qui doit certainement d\u00e9j\u00e0\u00a0pr\u00e9parer \u00a0l&rsquo;hymne de notre \u00e9quipe nationale pour le Br\u00e9sil, se produira bient\u00f4t \u00e0 l&rsquo;Olympia \u00e0 Paris. Et puis, il y a mon identit\u00e9 d&rsquo;origine qui provoque aussi son lot d&rsquo;\u00e9motions \u00e0 travers la musique. Je retiendrai ici une voix pure et profonde, celle de <a href=\"http:\/\/www.youtube.com\/watch?v=YL-0cVsNagY\">Nena Venetsanou<\/a>, une interpr\u00e8te extraordinaire du repertoire musical grec. J&rsquo;ai d\u00e9couvert son album Zeibekiko cette ann\u00e9e \u00e0 Thessalonique. Je pense que peu de musiques me procurent ce genre d&rsquo;\u00e9motion. Enfin, une sp\u00e9ciale d\u00e9dicace pour une artiste fran\u00e7aise bien bruxelloise qui a sorti son dernier album r\u00e9cemment, <a href=\"http:\/\/www.marie-laure-beraud.be\/content\/nouvel-album-que-voulez-vous-1\">Marie-Laure B\u00e9raud<\/a>.<a href=\"http:\/\/www.dailymotion.com\/video\/x9s218_grand-jojo-patrouille-de-nuit-night_music\" target=\"_blank\"><br \/>\n<\/a><\/p>\n<p><em><strong>Mes coups de c\u0153ur en concert :<\/strong><\/em><\/p>\n<p>Je retiendrai ici trois concerts jubilatoires. Le premier a eu lieu lors du festival BALKAN TRAFIK qui avait eu l&rsquo;excellente id\u00e9e d&rsquo;inviter l&rsquo;un de mes groupes grecs pr\u00e9f\u00e9r\u00e9s : <a href=\"https:\/\/www.youtube.com\/watch?v=l2uLYFbDI00\">IMAM BAILDI<\/a>. Une band de jeunes musiciens qui proposent une musique hybride aux accents bien balkaniques sur fond de vieilles chansons grecques. Le deuxi\u00e8me est li\u00e9 au hasard de m&rsquo;\u00eatre retrouv\u00e9 \u00e0 New York un jour o\u00f9 le grand <a href=\"https:\/\/www.youtube.com\/watch?v=YrLk4vdY28Q\">Leonard Cohen<\/a> se produisait en concert dans la mythique salle du Radio City Music Hall. J&rsquo;ai \u00e9t\u00e9 bluff\u00e9. Avec une mention sp\u00e9ciale aussi pour ses choristes : quelles voix. Le troisi\u00e8me concert f\u00fbt une surprise organis\u00e9e \u00e0 la librairie Filigranes (juste en face de mon bureau) \u00e0 l&rsquo;occasion d&rsquo;une manifestation de soutien \u00e0 la Gr\u00e8ce. Laurentis Macheritsas et Adamo ont interpr\u00e9t\u00e9 leur duo <a href=\"https:\/\/www.youtube.com\/watch?v=XtCVTiJ1fj0\">\u00ab\u00a0au caf\u00e9 du temps perdu\u00a0\u00bb<\/a>. Dans cet album du chanteur grec, on retrouve \u00e9galement, parmi d&rsquo;autres, un duo avec Christophe que j&rsquo;ai \u00e9norm\u00e9ment appr\u00e9ci\u00e9 <a href=\"https:\/\/www.youtube.com\/watch?v=rnv2o6x39Dw\">\u00ab\u00a0tandis que\u00a0\u00bb<\/a>.<\/p>\n<p><em><strong>Mes d\u00e9couvertes au hasard de l&rsquo;\u00e9coute de la radio :<\/strong><\/em><\/p>\n<p>Voil\u00e0 trois morceaux que j&rsquo;ai d\u00e9couvert en \u00e9coutant une des mes chaines musicales pr\u00e9f\u00e9r\u00e9es \u00e0 la radio (Twizz et PureFM). Il est vrai que gr\u00e2ce \u00e0 Shazam ou \u00a0SoundHound on peut facilement retrouver les coordonn\u00e9es d&rsquo;une chanson et aller plus loin dans la d\u00e9couverte de son auteur et de son oeuvre. Il en va ainsi de\u00a0<a href=\"https:\/\/www.youtube.com\/watch?v=KQu8FOjJXdI\">\u00ab\u00a0I love you\u00a0\u00bb de Woodkid<\/a>. Il y a eu aussi un coup de foudre direct pour\u00a0<a href=\"https:\/\/www.youtube.com\/watch?v=kb1Nu75l1vA\">\u00ab\u00a0Kan\u00e9\u00a0\u00bb de Fauve<\/a>. J&rsquo;adore le rythme et l&rsquo;interpr\u00e9tation. J&rsquo;ai trouv\u00e9 \u00e7a frais, original, percutant et beau. Et puis il y a encore\u00a0<a href=\"https:\/\/www.youtube.com\/watch?v=gq_h0cvvoiM\">\u00ab\u00a0Je fume pour oublier que tu bois\u00a0\u00bb par Ann Keren<\/a>. J&rsquo;avais pas reconnu imm\u00e9diatement que c&rsquo;\u00e9tait une reprise merveilleuse d&rsquo;une chanson d&rsquo;un artiste que j&rsquo;aime \u00e9norm\u00e9ment : Alain Bashung. L&rsquo;album de reprises de ses chansons sorti il y a quelques mois est tr\u00e8s r\u00e9ussi. Et puis, il y a le genre censur\u00e9 : j&rsquo;ai ador\u00e9 le rythme en \u00e9coutant la chanson \u00e0 la radio et je d\u00e9teste les paroles et ce qu&rsquo;elles v\u00e9hiculent. C&rsquo;est \u00e7a aussi parfois la musique. Il s&rsquo;agit de \u00ab\u00a0<a href=\"http:\/\/www.rtbf.be\/video\/detail_jimmy-kimmel-and-guillermo-in-blurred-lines-feat-robin-thicke-and-pharrell?id=1832038\">Blurred Lines de Robin Thicke Feat<\/a>\u00ab\u00a0.<\/p>\n<p>Ma Playlist sur Deezer :\u00a0<a id=\".reactRoot[3218683].[1]{comment10151659290119264_26694408}.[1:0].[4:0:1].[3:1].[4:0:1].[1:1].[1:0].[1:0:2].[2:0].[3:0:0]\" href=\"http:\/\/www.deezer.com\/playlist\/445504125\" target=\"_blank\" rel=\"nofollow\">http:\/\/www.deezer.com\/playlist\/445504125<\/a><\/p>\n<p><iframe loading=\"lazy\" src=\"http:\/\/www.deezer.com\/en\/plugins\/player?autoplay=false&amp;playlist=true&amp;width=600&amp;height=240&amp;scover=true&amp;type=playlist&amp;id=445504125&amp;title=&amp;app_id=undefined\" height=\"240\" width=\"600\" frameborder=\"0\" scrolling=\"no\"><\/iframe><\/p>\n","protected":false},"excerpt":{"rendered":"<p>Le tempo de ces derniers jours a \u00e9t\u00e9 tr\u00e8s \u00e9lev\u00e9. Apr\u00e8s le concert de d\u00e9clarations en tout sens, notamment la fausse note du solo d&rsquo;un ministre wallon, nous avons eu l&rsquo;occasion d&rsquo;accorder nos violons. Aujourd&rsquo;hui, je suis content de constater que l&rsquo;harmonie a \u00e9t\u00e9 retrouv\u00e9e autour de projets qui r\u00e9pondent concr\u00e8tement aux besoins des Bruxellois. Comme, je suis convaincu que la musique adoucit les m\u0153urs, je vous propose d\u00e8s lors une playlist que j&rsquo;ai compos\u00e9e sp\u00e9cialement \u00e0 l&rsquo;occasion de la F\u00eate de la Musique. J&rsquo;y reprends des morceaux ou des artistes qui m&rsquo;ont marqu\u00e9 d&rsquo;une mani\u00e8re ou d&rsquo;une autre cette ann\u00e9e. Les albums que j&rsquo;ai voulu tout de suite acheter : Il y a d&rsquo;abord un de mes chouchous belges que j&rsquo;avais d\u00e9couvert il y a quelques ann\u00e9es dans une petite salle de concert \u00e0 Etterbeek lorsqu&rsquo;il chantait encore avec ses Pleureurs. J&rsquo;avais \u00e9t\u00e9 sid\u00e9r\u00e9 par l&rsquo;\u00e9nergie que ce g\u00e9ant d\u00e9gageait. L\u00e0, Saule a frapp\u00e9 un \u00e9norm\u00e9 coup en s&rsquo;associant avec un autre de mes chanteurs pr\u00e9f\u00e9r\u00e9s, Charlie Winston. \u00ab\u00a0G\u00e9ant\u00a0\u00bb est un album que j&rsquo;\u00e9coute au moins une fois par semaine et il me redonne chaque fois la m\u00eame \u00e9nergie positive. Son duo avec Charlie pour la chanson \u00ab\u00a0Dusty Men\u00a0\u00bb [&hellip;]<\/p>\n","protected":false},"author":2,"featured_media":9700,"comment_status":"open","ping_status":"open","sticky":false,"template":"","format":"standard","meta":{"_monsterinsights_skip_tracking":false,"_monsterinsights_sitenote_active":false,"_monsterinsights_sitenote_note":"","_monsterinsights_sitenote_category":0,"ngg_post_thumbnail":0,"footnotes":""},"categories":[305],"tags":[643,642],"class_list":["post-9683","post","type-post","status-publish","format-standard","has-post-thumbnail","hentry","category-mes-coups-de-coeur","tag-fete-de-la-musique","tag-musique"],"yoast_head":"<!-- This site is optimized with the Yoast SEO plugin v27.4 - https:\/\/yoast.com\/product\/yoast-seo-wordpress\/ -->\n<title>Toute la musique que j&#039;aime - my playlist - Christos Doulkeridis<\/title>\n<meta name=\"robots\" content=\"index, follow, max-snippet:-1, max-image-preview:large, max-video-preview:-1\" \/>\n<link rel=\"canonical\" href=\"https:\/\/www.doulkeridis.be\/blog\/2013\/06\/21\/toute-la-musique-que-jaime-my-playlist\/\" \/>\n<meta property=\"og:locale\" content=\"fr_FR\" \/>\n<meta property=\"og:type\" content=\"article\" \/>\n<meta property=\"og:title\" content=\"Toute la musique que j&#039;aime - my playlist - Christos Doulkeridis\" \/>\n<meta property=\"og:description\" content=\"Le tempo de ces derniers jours a \u00e9t\u00e9 tr\u00e8s \u00e9lev\u00e9. Apr\u00e8s le concert de d\u00e9clarations en tout sens, notamment la fausse note du solo d&rsquo;un ministre wallon, nous avons eu l&rsquo;occasion d&rsquo;accorder nos violons. Aujourd&rsquo;hui, je suis content de constater que l&rsquo;harmonie a \u00e9t\u00e9 retrouv\u00e9e autour de projets qui r\u00e9pondent concr\u00e8tement aux besoins des Bruxellois. Comme, je suis convaincu que la musique adoucit les m\u0153urs, je vous propose d\u00e8s lors une playlist que j&rsquo;ai compos\u00e9e sp\u00e9cialement \u00e0 l&rsquo;occasion de la F\u00eate de la Musique. J&rsquo;y reprends des morceaux ou des artistes qui m&rsquo;ont marqu\u00e9 d&rsquo;une mani\u00e8re ou d&rsquo;une autre cette ann\u00e9e. Les albums que j&rsquo;ai voulu tout de suite acheter : Il y a d&rsquo;abord un de mes chouchous belges que j&rsquo;avais d\u00e9couvert il y a quelques ann\u00e9es dans une petite salle de concert \u00e0 Etterbeek lorsqu&rsquo;il chantait encore avec ses Pleureurs. J&rsquo;avais \u00e9t\u00e9 sid\u00e9r\u00e9 par l&rsquo;\u00e9nergie que ce g\u00e9ant d\u00e9gageait. L\u00e0, Saule a frapp\u00e9 un \u00e9norm\u00e9 coup en s&rsquo;associant avec un autre de mes chanteurs pr\u00e9f\u00e9r\u00e9s, Charlie Winston. \u00ab\u00a0G\u00e9ant\u00a0\u00bb est un album que j&rsquo;\u00e9coute au moins une fois par semaine et il me redonne chaque fois la m\u00eame \u00e9nergie positive. Son duo avec Charlie pour la chanson \u00ab\u00a0Dusty Men\u00a0\u00bb [&hellip;]\" \/>\n<meta property=\"og:url\" content=\"https:\/\/www.doulkeridis.be\/blog\/2013\/06\/21\/toute-la-musique-que-jaime-my-playlist\/\" \/>\n<meta property=\"og:site_name\" content=\"Christos Doulkeridis\" \/>\n<meta property=\"article:publisher\" content=\"https:\/\/www.facebook.com\/doulkeridis\" \/>\n<meta property=\"article:published_time\" content=\"2013-06-21T15:46:37+00:00\" \/>\n<meta property=\"article:modified_time\" content=\"2013-06-26T12:12:42+00:00\" \/>\n<meta property=\"og:image\" content=\"https:\/\/www.doulkeridis.be\/blog\/wp-content\/uploads\/2013\/06\/baldi.jpg\" \/>\n\t<meta property=\"og:image:width\" content=\"612\" \/>\n\t<meta property=\"og:image:height\" content=\"612\" \/>\n\t<meta property=\"og:image:type\" content=\"image\/jpeg\" \/>\n<meta name=\"author\" content=\"Christos Doulkeridis\" \/>\n<meta name=\"twitter:card\" content=\"summary_large_image\" \/>\n<meta name=\"twitter:label1\" content=\"\u00c9crit par\" \/>\n\t<meta name=\"twitter:data1\" content=\"Christos Doulkeridis\" \/>\n\t<meta name=\"twitter:label2\" content=\"Dur\u00e9e de lecture estim\u00e9e\" \/>\n\t<meta name=\"twitter:data2\" content=\"5 minutes\" \/>\n<script type=\"application\/ld+json\" class=\"yoast-schema-graph\">{\"@context\":\"https:\\\/\\\/schema.org\",\"@graph\":[{\"@type\":\"Article\",\"@id\":\"https:\\\/\\\/www.doulkeridis.be\\\/blog\\\/2013\\\/06\\\/21\\\/toute-la-musique-que-jaime-my-playlist\\\/#article\",\"isPartOf\":{\"@id\":\"https:\\\/\\\/www.doulkeridis.be\\\/blog\\\/2013\\\/06\\\/21\\\/toute-la-musique-que-jaime-my-playlist\\\/\"},\"author\":{\"name\":\"Christos Doulkeridis\",\"@id\":\"https:\\\/\\\/www.doulkeridis.be\\\/blog\\\/#\\\/schema\\\/person\\\/9f03f3459f0a4ba4db02aabbba098365\"},\"headline\":\"Toute la musique que j&rsquo;aime &#8211; my playlist\",\"datePublished\":\"2013-06-21T15:46:37+00:00\",\"dateModified\":\"2013-06-26T12:12:42+00:00\",\"mainEntityOfPage\":{\"@id\":\"https:\\\/\\\/www.doulkeridis.be\\\/blog\\\/2013\\\/06\\\/21\\\/toute-la-musique-que-jaime-my-playlist\\\/\"},\"wordCount\":1004,\"commentCount\":0,\"publisher\":{\"@id\":\"https:\\\/\\\/www.doulkeridis.be\\\/blog\\\/#organization\"},\"image\":{\"@id\":\"https:\\\/\\\/www.doulkeridis.be\\\/blog\\\/2013\\\/06\\\/21\\\/toute-la-musique-que-jaime-my-playlist\\\/#primaryimage\"},\"thumbnailUrl\":\"https:\\\/\\\/www.doulkeridis.be\\\/blog\\\/wp-content\\\/uploads\\\/2013\\\/06\\\/baldi.jpg\",\"keywords\":[\"f\u00eate de la musique\",\"musique\"],\"articleSection\":[\"Mes coups de coeur\"],\"inLanguage\":\"fr-FR\",\"potentialAction\":[{\"@type\":\"CommentAction\",\"name\":\"Comment\",\"target\":[\"https:\\\/\\\/www.doulkeridis.be\\\/blog\\\/2013\\\/06\\\/21\\\/toute-la-musique-que-jaime-my-playlist\\\/#respond\"]}]},{\"@type\":\"WebPage\",\"@id\":\"https:\\\/\\\/www.doulkeridis.be\\\/blog\\\/2013\\\/06\\\/21\\\/toute-la-musique-que-jaime-my-playlist\\\/\",\"url\":\"https:\\\/\\\/www.doulkeridis.be\\\/blog\\\/2013\\\/06\\\/21\\\/toute-la-musique-que-jaime-my-playlist\\\/\",\"name\":\"Toute la musique que j'aime - my playlist - Christos Doulkeridis\",\"isPartOf\":{\"@id\":\"https:\\\/\\\/www.doulkeridis.be\\\/blog\\\/#website\"},\"primaryImageOfPage\":{\"@id\":\"https:\\\/\\\/www.doulkeridis.be\\\/blog\\\/2013\\\/06\\\/21\\\/toute-la-musique-que-jaime-my-playlist\\\/#primaryimage\"},\"image\":{\"@id\":\"https:\\\/\\\/www.doulkeridis.be\\\/blog\\\/2013\\\/06\\\/21\\\/toute-la-musique-que-jaime-my-playlist\\\/#primaryimage\"},\"thumbnailUrl\":\"https:\\\/\\\/www.doulkeridis.be\\\/blog\\\/wp-content\\\/uploads\\\/2013\\\/06\\\/baldi.jpg\",\"datePublished\":\"2013-06-21T15:46:37+00:00\",\"dateModified\":\"2013-06-26T12:12:42+00:00\",\"breadcrumb\":{\"@id\":\"https:\\\/\\\/www.doulkeridis.be\\\/blog\\\/2013\\\/06\\\/21\\\/toute-la-musique-que-jaime-my-playlist\\\/#breadcrumb\"},\"inLanguage\":\"fr-FR\",\"potentialAction\":[{\"@type\":\"ReadAction\",\"target\":[\"https:\\\/\\\/www.doulkeridis.be\\\/blog\\\/2013\\\/06\\\/21\\\/toute-la-musique-que-jaime-my-playlist\\\/\"]}]},{\"@type\":\"ImageObject\",\"inLanguage\":\"fr-FR\",\"@id\":\"https:\\\/\\\/www.doulkeridis.be\\\/blog\\\/2013\\\/06\\\/21\\\/toute-la-musique-que-jaime-my-playlist\\\/#primaryimage\",\"url\":\"https:\\\/\\\/www.doulkeridis.be\\\/blog\\\/wp-content\\\/uploads\\\/2013\\\/06\\\/baldi.jpg\",\"contentUrl\":\"https:\\\/\\\/www.doulkeridis.be\\\/blog\\\/wp-content\\\/uploads\\\/2013\\\/06\\\/baldi.jpg\",\"width\":612,\"height\":612},{\"@type\":\"BreadcrumbList\",\"@id\":\"https:\\\/\\\/www.doulkeridis.be\\\/blog\\\/2013\\\/06\\\/21\\\/toute-la-musique-que-jaime-my-playlist\\\/#breadcrumb\",\"itemListElement\":[{\"@type\":\"ListItem\",\"position\":1,\"name\":\"Accueil\",\"item\":\"https:\\\/\\\/www.doulkeridis.be\\\/blog\\\/\"},{\"@type\":\"ListItem\",\"position\":2,\"name\":\"Toute la musique que j&rsquo;aime &#8211; my playlist\"}]},{\"@type\":\"WebSite\",\"@id\":\"https:\\\/\\\/www.doulkeridis.be\\\/blog\\\/#website\",\"url\":\"https:\\\/\\\/www.doulkeridis.be\\\/blog\\\/\",\"name\":\"Christos Doulkeridis\",\"description\":\"Coach | Consultant en solutions, gestion de crise, n\u00e9gociations\",\"publisher\":{\"@id\":\"https:\\\/\\\/www.doulkeridis.be\\\/blog\\\/#organization\"},\"potentialAction\":[{\"@type\":\"SearchAction\",\"target\":{\"@type\":\"EntryPoint\",\"urlTemplate\":\"https:\\\/\\\/www.doulkeridis.be\\\/blog\\\/?s={search_term_string}\"},\"query-input\":{\"@type\":\"PropertyValueSpecification\",\"valueRequired\":true,\"valueName\":\"search_term_string\"}}],\"inLanguage\":\"fr-FR\"},{\"@type\":\"Organization\",\"@id\":\"https:\\\/\\\/www.doulkeridis.be\\\/blog\\\/#organization\",\"name\":\"Ulyse\",\"url\":\"https:\\\/\\\/www.doulkeridis.be\\\/blog\\\/\",\"logo\":{\"@type\":\"ImageObject\",\"inLanguage\":\"fr-FR\",\"@id\":\"https:\\\/\\\/www.doulkeridis.be\\\/blog\\\/#\\\/schema\\\/logo\\\/image\\\/\",\"url\":\"https:\\\/\\\/www.doulkeridis.be\\\/blog\\\/wp-content\\\/uploads\\\/2026\\\/04\\\/2-5.png\",\"contentUrl\":\"https:\\\/\\\/www.doulkeridis.be\\\/blog\\\/wp-content\\\/uploads\\\/2026\\\/04\\\/2-5.png\",\"width\":1024,\"height\":728,\"caption\":\"Ulyse\"},\"image\":{\"@id\":\"https:\\\/\\\/www.doulkeridis.be\\\/blog\\\/#\\\/schema\\\/logo\\\/image\\\/\"},\"sameAs\":[\"https:\\\/\\\/www.facebook.com\\\/doulkeridis\",\"https:\\\/\\\/www.facebook.com\\\/christosdoulkeridis2\"]},{\"@type\":\"Person\",\"@id\":\"https:\\\/\\\/www.doulkeridis.be\\\/blog\\\/#\\\/schema\\\/person\\\/9f03f3459f0a4ba4db02aabbba098365\",\"name\":\"Christos Doulkeridis\",\"image\":{\"@type\":\"ImageObject\",\"inLanguage\":\"fr-FR\",\"@id\":\"https:\\\/\\\/secure.gravatar.com\\\/avatar\\\/71cb6e4369ca0615d93730ef3bc5f54642df4f6bcc59b92763d2ac434abf103e?s=96&d=mm&r=g\",\"url\":\"https:\\\/\\\/secure.gravatar.com\\\/avatar\\\/71cb6e4369ca0615d93730ef3bc5f54642df4f6bcc59b92763d2ac434abf103e?s=96&d=mm&r=g\",\"contentUrl\":\"https:\\\/\\\/secure.gravatar.com\\\/avatar\\\/71cb6e4369ca0615d93730ef3bc5f54642df4f6bcc59b92763d2ac434abf103e?s=96&d=mm&r=g\",\"caption\":\"Christos Doulkeridis\"},\"url\":\"https:\\\/\\\/www.doulkeridis.be\\\/blog\\\/author\\\/christos\\\/\"}]}<\/script>\n<!-- \/ Yoast SEO plugin. -->","yoast_head_json":{"title":"Toute la musique que j'aime - my playlist - Christos Doulkeridis","robots":{"index":"index","follow":"follow","max-snippet":"max-snippet:-1","max-image-preview":"max-image-preview:large","max-video-preview":"max-video-preview:-1"},"canonical":"https:\/\/www.doulkeridis.be\/blog\/2013\/06\/21\/toute-la-musique-que-jaime-my-playlist\/","og_locale":"fr_FR","og_type":"article","og_title":"Toute la musique que j'aime - my playlist - Christos Doulkeridis","og_description":"Le tempo de ces derniers jours a \u00e9t\u00e9 tr\u00e8s \u00e9lev\u00e9. Apr\u00e8s le concert de d\u00e9clarations en tout sens, notamment la fausse note du solo d&rsquo;un ministre wallon, nous avons eu l&rsquo;occasion d&rsquo;accorder nos violons. Aujourd&rsquo;hui, je suis content de constater que l&rsquo;harmonie a \u00e9t\u00e9 retrouv\u00e9e autour de projets qui r\u00e9pondent concr\u00e8tement aux besoins des Bruxellois. Comme, je suis convaincu que la musique adoucit les m\u0153urs, je vous propose d\u00e8s lors une playlist que j&rsquo;ai compos\u00e9e sp\u00e9cialement \u00e0 l&rsquo;occasion de la F\u00eate de la Musique. J&rsquo;y reprends des morceaux ou des artistes qui m&rsquo;ont marqu\u00e9 d&rsquo;une mani\u00e8re ou d&rsquo;une autre cette ann\u00e9e. Les albums que j&rsquo;ai voulu tout de suite acheter : Il y a d&rsquo;abord un de mes chouchous belges que j&rsquo;avais d\u00e9couvert il y a quelques ann\u00e9es dans une petite salle de concert \u00e0 Etterbeek lorsqu&rsquo;il chantait encore avec ses Pleureurs. J&rsquo;avais \u00e9t\u00e9 sid\u00e9r\u00e9 par l&rsquo;\u00e9nergie que ce g\u00e9ant d\u00e9gageait. L\u00e0, Saule a frapp\u00e9 un \u00e9norm\u00e9 coup en s&rsquo;associant avec un autre de mes chanteurs pr\u00e9f\u00e9r\u00e9s, Charlie Winston. \u00ab\u00a0G\u00e9ant\u00a0\u00bb est un album que j&rsquo;\u00e9coute au moins une fois par semaine et il me redonne chaque fois la m\u00eame \u00e9nergie positive. Son duo avec Charlie pour la chanson \u00ab\u00a0Dusty Men\u00a0\u00bb [&hellip;]","og_url":"https:\/\/www.doulkeridis.be\/blog\/2013\/06\/21\/toute-la-musique-que-jaime-my-playlist\/","og_site_name":"Christos Doulkeridis","article_publisher":"https:\/\/www.facebook.com\/doulkeridis","article_published_time":"2013-06-21T15:46:37+00:00","article_modified_time":"2013-06-26T12:12:42+00:00","og_image":[{"width":612,"height":612,"url":"https:\/\/www.doulkeridis.be\/blog\/wp-content\/uploads\/2013\/06\/baldi.jpg","type":"image\/jpeg"}],"author":"Christos Doulkeridis","twitter_card":"summary_large_image","twitter_misc":{"\u00c9crit par":"Christos Doulkeridis","Dur\u00e9e de lecture estim\u00e9e":"5 minutes"},"schema":{"@context":"https:\/\/schema.org","@graph":[{"@type":"Article","@id":"https:\/\/www.doulkeridis.be\/blog\/2013\/06\/21\/toute-la-musique-que-jaime-my-playlist\/#article","isPartOf":{"@id":"https:\/\/www.doulkeridis.be\/blog\/2013\/06\/21\/toute-la-musique-que-jaime-my-playlist\/"},"author":{"name":"Christos Doulkeridis","@id":"https:\/\/www.doulkeridis.be\/blog\/#\/schema\/person\/9f03f3459f0a4ba4db02aabbba098365"},"headline":"Toute la musique que j&rsquo;aime &#8211; my playlist","datePublished":"2013-06-21T15:46:37+00:00","dateModified":"2013-06-26T12:12:42+00:00","mainEntityOfPage":{"@id":"https:\/\/www.doulkeridis.be\/blog\/2013\/06\/21\/toute-la-musique-que-jaime-my-playlist\/"},"wordCount":1004,"commentCount":0,"publisher":{"@id":"https:\/\/www.doulkeridis.be\/blog\/#organization"},"image":{"@id":"https:\/\/www.doulkeridis.be\/blog\/2013\/06\/21\/toute-la-musique-que-jaime-my-playlist\/#primaryimage"},"thumbnailUrl":"https:\/\/www.doulkeridis.be\/blog\/wp-content\/uploads\/2013\/06\/baldi.jpg","keywords":["f\u00eate de la musique","musique"],"articleSection":["Mes coups de coeur"],"inLanguage":"fr-FR","potentialAction":[{"@type":"CommentAction","name":"Comment","target":["https:\/\/www.doulkeridis.be\/blog\/2013\/06\/21\/toute-la-musique-que-jaime-my-playlist\/#respond"]}]},{"@type":"WebPage","@id":"https:\/\/www.doulkeridis.be\/blog\/2013\/06\/21\/toute-la-musique-que-jaime-my-playlist\/","url":"https:\/\/www.doulkeridis.be\/blog\/2013\/06\/21\/toute-la-musique-que-jaime-my-playlist\/","name":"Toute la musique que j'aime - my playlist - Christos Doulkeridis","isPartOf":{"@id":"https:\/\/www.doulkeridis.be\/blog\/#website"},"primaryImageOfPage":{"@id":"https:\/\/www.doulkeridis.be\/blog\/2013\/06\/21\/toute-la-musique-que-jaime-my-playlist\/#primaryimage"},"image":{"@id":"https:\/\/www.doulkeridis.be\/blog\/2013\/06\/21\/toute-la-musique-que-jaime-my-playlist\/#primaryimage"},"thumbnailUrl":"https:\/\/www.doulkeridis.be\/blog\/wp-content\/uploads\/2013\/06\/baldi.jpg","datePublished":"2013-06-21T15:46:37+00:00","dateModified":"2013-06-26T12:12:42+00:00","breadcrumb":{"@id":"https:\/\/www.doulkeridis.be\/blog\/2013\/06\/21\/toute-la-musique-que-jaime-my-playlist\/#breadcrumb"},"inLanguage":"fr-FR","potentialAction":[{"@type":"ReadAction","target":["https:\/\/www.doulkeridis.be\/blog\/2013\/06\/21\/toute-la-musique-que-jaime-my-playlist\/"]}]},{"@type":"ImageObject","inLanguage":"fr-FR","@id":"https:\/\/www.doulkeridis.be\/blog\/2013\/06\/21\/toute-la-musique-que-jaime-my-playlist\/#primaryimage","url":"https:\/\/www.doulkeridis.be\/blog\/wp-content\/uploads\/2013\/06\/baldi.jpg","contentUrl":"https:\/\/www.doulkeridis.be\/blog\/wp-content\/uploads\/2013\/06\/baldi.jpg","width":612,"height":612},{"@type":"BreadcrumbList","@id":"https:\/\/www.doulkeridis.be\/blog\/2013\/06\/21\/toute-la-musique-que-jaime-my-playlist\/#breadcrumb","itemListElement":[{"@type":"ListItem","position":1,"name":"Accueil","item":"https:\/\/www.doulkeridis.be\/blog\/"},{"@type":"ListItem","position":2,"name":"Toute la musique que j&rsquo;aime &#8211; my playlist"}]},{"@type":"WebSite","@id":"https:\/\/www.doulkeridis.be\/blog\/#website","url":"https:\/\/www.doulkeridis.be\/blog\/","name":"Christos Doulkeridis","description":"Coach | Consultant en solutions, gestion de crise, n\u00e9gociations","publisher":{"@id":"https:\/\/www.doulkeridis.be\/blog\/#organization"},"potentialAction":[{"@type":"SearchAction","target":{"@type":"EntryPoint","urlTemplate":"https:\/\/www.doulkeridis.be\/blog\/?s={search_term_string}"},"query-input":{"@type":"PropertyValueSpecification","valueRequired":true,"valueName":"search_term_string"}}],"inLanguage":"fr-FR"},{"@type":"Organization","@id":"https:\/\/www.doulkeridis.be\/blog\/#organization","name":"Ulyse","url":"https:\/\/www.doulkeridis.be\/blog\/","logo":{"@type":"ImageObject","inLanguage":"fr-FR","@id":"https:\/\/www.doulkeridis.be\/blog\/#\/schema\/logo\/image\/","url":"https:\/\/www.doulkeridis.be\/blog\/wp-content\/uploads\/2026\/04\/2-5.png","contentUrl":"https:\/\/www.doulkeridis.be\/blog\/wp-content\/uploads\/2026\/04\/2-5.png","width":1024,"height":728,"caption":"Ulyse"},"image":{"@id":"https:\/\/www.doulkeridis.be\/blog\/#\/schema\/logo\/image\/"},"sameAs":["https:\/\/www.facebook.com\/doulkeridis","https:\/\/www.facebook.com\/christosdoulkeridis2"]},{"@type":"Person","@id":"https:\/\/www.doulkeridis.be\/blog\/#\/schema\/person\/9f03f3459f0a4ba4db02aabbba098365","name":"Christos Doulkeridis","image":{"@type":"ImageObject","inLanguage":"fr-FR","@id":"https:\/\/secure.gravatar.com\/avatar\/71cb6e4369ca0615d93730ef3bc5f54642df4f6bcc59b92763d2ac434abf103e?s=96&d=mm&r=g","url":"https:\/\/secure.gravatar.com\/avatar\/71cb6e4369ca0615d93730ef3bc5f54642df4f6bcc59b92763d2ac434abf103e?s=96&d=mm&r=g","contentUrl":"https:\/\/secure.gravatar.com\/avatar\/71cb6e4369ca0615d93730ef3bc5f54642df4f6bcc59b92763d2ac434abf103e?s=96&d=mm&r=g","caption":"Christos Doulkeridis"},"url":"https:\/\/www.doulkeridis.be\/blog\/author\/christos\/"}]}},"_links":{"self":[{"href":"https:\/\/www.doulkeridis.be\/blog\/wp-json\/wp\/v2\/posts\/9683","targetHints":{"allow":["GET"]}}],"collection":[{"href":"https:\/\/www.doulkeridis.be\/blog\/wp-json\/wp\/v2\/posts"}],"about":[{"href":"https:\/\/www.doulkeridis.be\/blog\/wp-json\/wp\/v2\/types\/post"}],"author":[{"embeddable":true,"href":"https:\/\/www.doulkeridis.be\/blog\/wp-json\/wp\/v2\/users\/2"}],"replies":[{"embeddable":true,"href":"https:\/\/www.doulkeridis.be\/blog\/wp-json\/wp\/v2\/comments?post=9683"}],"version-history":[{"count":30,"href":"https:\/\/www.doulkeridis.be\/blog\/wp-json\/wp\/v2\/posts\/9683\/revisions"}],"predecessor-version":[{"id":9719,"href":"https:\/\/www.doulkeridis.be\/blog\/wp-json\/wp\/v2\/posts\/9683\/revisions\/9719"}],"wp:featuredmedia":[{"embeddable":true,"href":"https:\/\/www.doulkeridis.be\/blog\/wp-json\/wp\/v2\/media\/9700"}],"wp:attachment":[{"href":"https:\/\/www.doulkeridis.be\/blog\/wp-json\/wp\/v2\/media?parent=9683"}],"wp:term":[{"taxonomy":"category","embeddable":true,"href":"https:\/\/www.doulkeridis.be\/blog\/wp-json\/wp\/v2\/categories?post=9683"},{"taxonomy":"post_tag","embeddable":true,"href":"https:\/\/www.doulkeridis.be\/blog\/wp-json\/wp\/v2\/tags?post=9683"}],"curies":[{"name":"wp","href":"https:\/\/api.w.org\/{rel}","templated":true}]}}