{"id":9991,"date":"2013-07-18T11:34:46","date_gmt":"2013-07-18T10:34:46","guid":{"rendered":"http:\/\/www.doulkeridis.be\/blog\/?p=9991"},"modified":"2013-07-18T15:18:19","modified_gmt":"2013-07-18T14:18:19","slug":"premiere-fusion-entre-societes-de-logements-sociaux-le-home-et-le-home-familial-bruxellois-unissent-leurs-destins","status":"publish","type":"post","link":"https:\/\/www.doulkeridis.be\/blog\/2013\/07\/18\/premiere-fusion-entre-societes-de-logements-sociaux-le-home-et-le-home-familial-bruxellois-unissent-leurs-destins\/","title":{"rendered":"Premi\u00e8re fusion entre soci\u00e9t\u00e9s de logements sociaux : le Home et le Home familial bruxellois unissent leurs destins"},"content":{"rendered":"<p><a href=\"https:\/\/www.doulkeridis.be\/blog\/wp-content\/uploads\/2013\/07\/fusion-home-006.jpg\"><img loading=\"lazy\" decoding=\"async\" class=\"alignleft size-medium wp-image-9992\" alt=\"fusion home 006\" src=\"https:\/\/www.doulkeridis.be\/blog\/wp-content\/uploads\/2013\/07\/fusion-home-006-300x200.jpg\" width=\"300\" height=\"200\" srcset=\"https:\/\/www.doulkeridis.be\/blog\/wp-content\/uploads\/2013\/07\/fusion-home-006-300x200.jpg 300w, https:\/\/www.doulkeridis.be\/blog\/wp-content\/uploads\/2013\/07\/fusion-home-006-1024x685.jpg 1024w\" sizes=\"auto, (max-width: 300px) 100vw, 300px\" \/><\/a>Les choses n&rsquo;ont pas tra\u00een\u00e9. Le processus de rationalisation du secteur du logement social vient \u00e0 peine d&rsquo;\u00eatre vot\u00e9 et une premi\u00e8re fusion entre deux soci\u00e9t\u00e9s de logement social a \u00e9t\u00e9 officialis\u00e9e hier soir. En effet, les soci\u00e9t\u00e9s coop\u00e9ratives de locataires Le HOME ( 278 logements) et Le HOME FAMILIAL BRUXELLOIS (546 logements) ont, d\u00e9j\u00e0 ce 17 juillet, uni leur destin\u00e9e en fusionnant entre elles.<\/p>\n<p>Comme l&rsquo;ont expliqu\u00e9 les deux soci\u00e9t\u00e9s qui ont pris la d\u00e9cision de fusionner, il ne s&rsquo;agit pas d&rsquo;un mariage de raison, mais de la volont\u00e9 de se mobiliser sur un nouveau projet d&rsquo;entreprise.\u00a0 Je tenais \u00e0 saluer cette fusion qui s&rsquo;inscrit dans la r\u00e9forme que je m\u00e8ne au sein du logement social. La dynamique de rationalisation dans laquelle s&rsquo;inscrit cette fusion permettra une consolidation du secteur et une meilleure utilisation des moyens afin de mieux assumer les missions principales du secteur du logement social : g\u00e9rer en bon p\u00e8re ou bonne m\u00e8re de famille le patrimoine actuel et les travaux de r\u00e9novation n\u00e9cessaires, les relations avec les locataires ainsi que les programmes d&rsquo;extension indispensable du patrimoine.<\/p>\n<p>La nouvelle soci\u00e9t\u00e9 s&rsquo;appellera \u00ab LE HOME BRUXELLOIS \u00bb. Le nouveau nom de cette coop\u00e9rative de locataires atteste de cet esprit respectueux des valeurs v\u00e9cues ant\u00e9rieurement, de leur int\u00e9gration et de leur d\u00e9veloppement dans un projet commun. Cette fusion permettra d&rsquo;am\u00e9liorer la gouvernance et de rationaliser une s\u00e9rie de services de support : comptabilit\u00e9, informatique, investissements immobiliers, calculs des loyers et des charges, &#8230; Le nombre de collaborateurs occup\u00e9s ne diminuera pas pour autant, mais renforcera la qualit\u00e9 des contacts avec les locataires.<\/p>\n","protected":false},"excerpt":{"rendered":"<p>Les choses n&rsquo;ont pas tra\u00een\u00e9. Le processus de rationalisation du secteur du logement social vient \u00e0 peine d&rsquo;\u00eatre vot\u00e9 et une premi\u00e8re fusion entre deux soci\u00e9t\u00e9s de logement social a \u00e9t\u00e9 officialis\u00e9e hier soir. En effet, les soci\u00e9t\u00e9s coop\u00e9ratives de locataires Le HOME ( 278 logements) et Le HOME FAMILIAL BRUXELLOIS (546 logements) ont, d\u00e9j\u00e0 ce 17 juillet, uni leur destin\u00e9e en fusionnant entre elles. Comme l&rsquo;ont expliqu\u00e9 les deux soci\u00e9t\u00e9s qui ont pris la d\u00e9cision de fusionner, il ne s&rsquo;agit pas d&rsquo;un mariage de raison, mais de la volont\u00e9 de se mobiliser sur un nouveau projet d&rsquo;entreprise.\u00a0 Je tenais \u00e0 saluer cette fusion qui s&rsquo;inscrit dans la r\u00e9forme que je m\u00e8ne au sein du logement social. La dynamique de rationalisation dans laquelle s&rsquo;inscrit cette fusion permettra une consolidation du secteur et une meilleure utilisation des moyens afin de mieux assumer les missions principales du secteur du logement social : g\u00e9rer en bon p\u00e8re ou bonne m\u00e8re de famille le patrimoine actuel et les travaux de r\u00e9novation n\u00e9cessaires, les relations avec les locataires ainsi que les programmes d&rsquo;extension indispensable du patrimoine. La nouvelle soci\u00e9t\u00e9 s&rsquo;appellera \u00ab LE HOME BRUXELLOIS \u00bb. Le nouveau nom de cette coop\u00e9rative de locataires atteste de [&hellip;]<\/p>\n","protected":false},"author":2,"featured_media":9997,"comment_status":"open","ping_status":"open","sticky":false,"template":"","format":"standard","meta":{"_monsterinsights_skip_tracking":false,"_monsterinsights_sitenote_active":false,"_monsterinsights_sitenote_note":"","_monsterinsights_sitenote_category":0,"ngg_post_thumbnail":0,"footnotes":""},"categories":[3],"tags":[694,4,299],"class_list":["post-9991","post","type-post","status-publish","format-standard","has-post-thumbnail","hentry","category-logement","tag-fusion","tag-logement-social","tag-rationalisation"],"yoast_head":"<!-- This site is optimized with the Yoast SEO plugin v27.4 - https:\/\/yoast.com\/product\/yoast-seo-wordpress\/ -->\n<title>Premi\u00e8re fusion entre soci\u00e9t\u00e9s de logements sociaux : le Home et le Home familial bruxellois unissent leurs destins - Christos Doulkeridis<\/title>\n<meta name=\"robots\" content=\"index, follow, max-snippet:-1, max-image-preview:large, max-video-preview:-1\" \/>\n<link rel=\"canonical\" href=\"https:\/\/www.doulkeridis.be\/blog\/2013\/07\/18\/premiere-fusion-entre-societes-de-logements-sociaux-le-home-et-le-home-familial-bruxellois-unissent-leurs-destins\/\" \/>\n<meta property=\"og:locale\" content=\"fr_FR\" \/>\n<meta property=\"og:type\" content=\"article\" \/>\n<meta property=\"og:title\" content=\"Premi\u00e8re fusion entre soci\u00e9t\u00e9s de logements sociaux : le Home et le Home familial bruxellois unissent leurs destins - Christos Doulkeridis\" \/>\n<meta property=\"og:description\" content=\"Les choses n&rsquo;ont pas tra\u00een\u00e9. Le processus de rationalisation du secteur du logement social vient \u00e0 peine d&rsquo;\u00eatre vot\u00e9 et une premi\u00e8re fusion entre deux soci\u00e9t\u00e9s de logement social a \u00e9t\u00e9 officialis\u00e9e hier soir. En effet, les soci\u00e9t\u00e9s coop\u00e9ratives de locataires Le HOME ( 278 logements) et Le HOME FAMILIAL BRUXELLOIS (546 logements) ont, d\u00e9j\u00e0 ce 17 juillet, uni leur destin\u00e9e en fusionnant entre elles. Comme l&rsquo;ont expliqu\u00e9 les deux soci\u00e9t\u00e9s qui ont pris la d\u00e9cision de fusionner, il ne s&rsquo;agit pas d&rsquo;un mariage de raison, mais de la volont\u00e9 de se mobiliser sur un nouveau projet d&rsquo;entreprise.\u00a0 Je tenais \u00e0 saluer cette fusion qui s&rsquo;inscrit dans la r\u00e9forme que je m\u00e8ne au sein du logement social. La dynamique de rationalisation dans laquelle s&rsquo;inscrit cette fusion permettra une consolidation du secteur et une meilleure utilisation des moyens afin de mieux assumer les missions principales du secteur du logement social : g\u00e9rer en bon p\u00e8re ou bonne m\u00e8re de famille le patrimoine actuel et les travaux de r\u00e9novation n\u00e9cessaires, les relations avec les locataires ainsi que les programmes d&rsquo;extension indispensable du patrimoine. La nouvelle soci\u00e9t\u00e9 s&rsquo;appellera \u00ab LE HOME BRUXELLOIS \u00bb. Le nouveau nom de cette coop\u00e9rative de locataires atteste de [&hellip;]\" \/>\n<meta property=\"og:url\" content=\"https:\/\/www.doulkeridis.be\/blog\/2013\/07\/18\/premiere-fusion-entre-societes-de-logements-sociaux-le-home-et-le-home-familial-bruxellois-unissent-leurs-destins\/\" \/>\n<meta property=\"og:site_name\" content=\"Christos Doulkeridis\" \/>\n<meta property=\"article:publisher\" content=\"https:\/\/www.facebook.com\/doulkeridis\" \/>\n<meta property=\"article:published_time\" content=\"2013-07-18T10:34:46+00:00\" \/>\n<meta property=\"article:modified_time\" content=\"2013-07-18T14:18:19+00:00\" \/>\n<meta property=\"og:image\" content=\"https:\/\/www.doulkeridis.be\/blog\/wp-content\/uploads\/2013\/07\/fusion-home-027-1024x685.jpg\" \/>\n\t<meta property=\"og:image:width\" content=\"1024\" \/>\n\t<meta property=\"og:image:height\" content=\"685\" \/>\n\t<meta property=\"og:image:type\" content=\"image\/jpeg\" \/>\n<meta name=\"author\" content=\"Christos Doulkeridis\" \/>\n<meta name=\"twitter:card\" content=\"summary_large_image\" \/>\n<meta name=\"twitter:label1\" content=\"\u00c9crit par\" \/>\n\t<meta name=\"twitter:data1\" content=\"Christos Doulkeridis\" \/>\n\t<meta name=\"twitter:label2\" content=\"Dur\u00e9e de lecture estim\u00e9e\" \/>\n\t<meta name=\"twitter:data2\" content=\"1 minute\" \/>\n<script type=\"application\/ld+json\" class=\"yoast-schema-graph\">{\"@context\":\"https:\\\/\\\/schema.org\",\"@graph\":[{\"@type\":\"Article\",\"@id\":\"https:\\\/\\\/www.doulkeridis.be\\\/blog\\\/2013\\\/07\\\/18\\\/premiere-fusion-entre-societes-de-logements-sociaux-le-home-et-le-home-familial-bruxellois-unissent-leurs-destins\\\/#article\",\"isPartOf\":{\"@id\":\"https:\\\/\\\/www.doulkeridis.be\\\/blog\\\/2013\\\/07\\\/18\\\/premiere-fusion-entre-societes-de-logements-sociaux-le-home-et-le-home-familial-bruxellois-unissent-leurs-destins\\\/\"},\"author\":{\"name\":\"Christos Doulkeridis\",\"@id\":\"https:\\\/\\\/www.doulkeridis.be\\\/blog\\\/#\\\/schema\\\/person\\\/9f03f3459f0a4ba4db02aabbba098365\"},\"headline\":\"Premi\u00e8re fusion entre soci\u00e9t\u00e9s de logements sociaux : le Home et le Home familial bruxellois unissent leurs destins\",\"datePublished\":\"2013-07-18T10:34:46+00:00\",\"dateModified\":\"2013-07-18T14:18:19+00:00\",\"mainEntityOfPage\":{\"@id\":\"https:\\\/\\\/www.doulkeridis.be\\\/blog\\\/2013\\\/07\\\/18\\\/premiere-fusion-entre-societes-de-logements-sociaux-le-home-et-le-home-familial-bruxellois-unissent-leurs-destins\\\/\"},\"wordCount\":313,\"commentCount\":0,\"publisher\":{\"@id\":\"https:\\\/\\\/www.doulkeridis.be\\\/blog\\\/#organization\"},\"image\":{\"@id\":\"https:\\\/\\\/www.doulkeridis.be\\\/blog\\\/2013\\\/07\\\/18\\\/premiere-fusion-entre-societes-de-logements-sociaux-le-home-et-le-home-familial-bruxellois-unissent-leurs-destins\\\/#primaryimage\"},\"thumbnailUrl\":\"https:\\\/\\\/www.doulkeridis.be\\\/blog\\\/wp-content\\\/uploads\\\/2013\\\/07\\\/fusion-home-027.jpg\",\"keywords\":[\"fusion\",\"logement social\",\"rationalisation\"],\"articleSection\":[\"Logement\"],\"inLanguage\":\"fr-FR\",\"potentialAction\":[{\"@type\":\"CommentAction\",\"name\":\"Comment\",\"target\":[\"https:\\\/\\\/www.doulkeridis.be\\\/blog\\\/2013\\\/07\\\/18\\\/premiere-fusion-entre-societes-de-logements-sociaux-le-home-et-le-home-familial-bruxellois-unissent-leurs-destins\\\/#respond\"]}]},{\"@type\":\"WebPage\",\"@id\":\"https:\\\/\\\/www.doulkeridis.be\\\/blog\\\/2013\\\/07\\\/18\\\/premiere-fusion-entre-societes-de-logements-sociaux-le-home-et-le-home-familial-bruxellois-unissent-leurs-destins\\\/\",\"url\":\"https:\\\/\\\/www.doulkeridis.be\\\/blog\\\/2013\\\/07\\\/18\\\/premiere-fusion-entre-societes-de-logements-sociaux-le-home-et-le-home-familial-bruxellois-unissent-leurs-destins\\\/\",\"name\":\"Premi\u00e8re fusion entre soci\u00e9t\u00e9s de logements sociaux : le Home et le Home familial bruxellois unissent leurs destins - Christos Doulkeridis\",\"isPartOf\":{\"@id\":\"https:\\\/\\\/www.doulkeridis.be\\\/blog\\\/#website\"},\"primaryImageOfPage\":{\"@id\":\"https:\\\/\\\/www.doulkeridis.be\\\/blog\\\/2013\\\/07\\\/18\\\/premiere-fusion-entre-societes-de-logements-sociaux-le-home-et-le-home-familial-bruxellois-unissent-leurs-destins\\\/#primaryimage\"},\"image\":{\"@id\":\"https:\\\/\\\/www.doulkeridis.be\\\/blog\\\/2013\\\/07\\\/18\\\/premiere-fusion-entre-societes-de-logements-sociaux-le-home-et-le-home-familial-bruxellois-unissent-leurs-destins\\\/#primaryimage\"},\"thumbnailUrl\":\"https:\\\/\\\/www.doulkeridis.be\\\/blog\\\/wp-content\\\/uploads\\\/2013\\\/07\\\/fusion-home-027.jpg\",\"datePublished\":\"2013-07-18T10:34:46+00:00\",\"dateModified\":\"2013-07-18T14:18:19+00:00\",\"breadcrumb\":{\"@id\":\"https:\\\/\\\/www.doulkeridis.be\\\/blog\\\/2013\\\/07\\\/18\\\/premiere-fusion-entre-societes-de-logements-sociaux-le-home-et-le-home-familial-bruxellois-unissent-leurs-destins\\\/#breadcrumb\"},\"inLanguage\":\"fr-FR\",\"potentialAction\":[{\"@type\":\"ReadAction\",\"target\":[\"https:\\\/\\\/www.doulkeridis.be\\\/blog\\\/2013\\\/07\\\/18\\\/premiere-fusion-entre-societes-de-logements-sociaux-le-home-et-le-home-familial-bruxellois-unissent-leurs-destins\\\/\"]}]},{\"@type\":\"ImageObject\",\"inLanguage\":\"fr-FR\",\"@id\":\"https:\\\/\\\/www.doulkeridis.be\\\/blog\\\/2013\\\/07\\\/18\\\/premiere-fusion-entre-societes-de-logements-sociaux-le-home-et-le-home-familial-bruxellois-unissent-leurs-destins\\\/#primaryimage\",\"url\":\"https:\\\/\\\/www.doulkeridis.be\\\/blog\\\/wp-content\\\/uploads\\\/2013\\\/07\\\/fusion-home-027.jpg\",\"contentUrl\":\"https:\\\/\\\/www.doulkeridis.be\\\/blog\\\/wp-content\\\/uploads\\\/2013\\\/07\\\/fusion-home-027.jpg\",\"width\":3872,\"height\":2592},{\"@type\":\"BreadcrumbList\",\"@id\":\"https:\\\/\\\/www.doulkeridis.be\\\/blog\\\/2013\\\/07\\\/18\\\/premiere-fusion-entre-societes-de-logements-sociaux-le-home-et-le-home-familial-bruxellois-unissent-leurs-destins\\\/#breadcrumb\",\"itemListElement\":[{\"@type\":\"ListItem\",\"position\":1,\"name\":\"Accueil\",\"item\":\"https:\\\/\\\/www.doulkeridis.be\\\/blog\\\/\"},{\"@type\":\"ListItem\",\"position\":2,\"name\":\"Premi\u00e8re fusion entre soci\u00e9t\u00e9s de logements sociaux : le Home et le Home familial bruxellois unissent leurs destins\"}]},{\"@type\":\"WebSite\",\"@id\":\"https:\\\/\\\/www.doulkeridis.be\\\/blog\\\/#website\",\"url\":\"https:\\\/\\\/www.doulkeridis.be\\\/blog\\\/\",\"name\":\"Christos Doulkeridis\",\"description\":\"Coach | Consultant en solutions, gestion de crise, n\u00e9gociations\",\"publisher\":{\"@id\":\"https:\\\/\\\/www.doulkeridis.be\\\/blog\\\/#organization\"},\"potentialAction\":[{\"@type\":\"SearchAction\",\"target\":{\"@type\":\"EntryPoint\",\"urlTemplate\":\"https:\\\/\\\/www.doulkeridis.be\\\/blog\\\/?s={search_term_string}\"},\"query-input\":{\"@type\":\"PropertyValueSpecification\",\"valueRequired\":true,\"valueName\":\"search_term_string\"}}],\"inLanguage\":\"fr-FR\"},{\"@type\":\"Organization\",\"@id\":\"https:\\\/\\\/www.doulkeridis.be\\\/blog\\\/#organization\",\"name\":\"Ulyse\",\"url\":\"https:\\\/\\\/www.doulkeridis.be\\\/blog\\\/\",\"logo\":{\"@type\":\"ImageObject\",\"inLanguage\":\"fr-FR\",\"@id\":\"https:\\\/\\\/www.doulkeridis.be\\\/blog\\\/#\\\/schema\\\/logo\\\/image\\\/\",\"url\":\"https:\\\/\\\/www.doulkeridis.be\\\/blog\\\/wp-content\\\/uploads\\\/2026\\\/04\\\/2-5.png\",\"contentUrl\":\"https:\\\/\\\/www.doulkeridis.be\\\/blog\\\/wp-content\\\/uploads\\\/2026\\\/04\\\/2-5.png\",\"width\":1024,\"height\":728,\"caption\":\"Ulyse\"},\"image\":{\"@id\":\"https:\\\/\\\/www.doulkeridis.be\\\/blog\\\/#\\\/schema\\\/logo\\\/image\\\/\"},\"sameAs\":[\"https:\\\/\\\/www.facebook.com\\\/doulkeridis\",\"https:\\\/\\\/www.facebook.com\\\/christosdoulkeridis2\"]},{\"@type\":\"Person\",\"@id\":\"https:\\\/\\\/www.doulkeridis.be\\\/blog\\\/#\\\/schema\\\/person\\\/9f03f3459f0a4ba4db02aabbba098365\",\"name\":\"Christos Doulkeridis\",\"image\":{\"@type\":\"ImageObject\",\"inLanguage\":\"fr-FR\",\"@id\":\"https:\\\/\\\/secure.gravatar.com\\\/avatar\\\/71cb6e4369ca0615d93730ef3bc5f54642df4f6bcc59b92763d2ac434abf103e?s=96&d=mm&r=g\",\"url\":\"https:\\\/\\\/secure.gravatar.com\\\/avatar\\\/71cb6e4369ca0615d93730ef3bc5f54642df4f6bcc59b92763d2ac434abf103e?s=96&d=mm&r=g\",\"contentUrl\":\"https:\\\/\\\/secure.gravatar.com\\\/avatar\\\/71cb6e4369ca0615d93730ef3bc5f54642df4f6bcc59b92763d2ac434abf103e?s=96&d=mm&r=g\",\"caption\":\"Christos Doulkeridis\"},\"url\":\"https:\\\/\\\/www.doulkeridis.be\\\/blog\\\/author\\\/christos\\\/\"}]}<\/script>\n<!-- \/ Yoast SEO plugin. -->","yoast_head_json":{"title":"Premi\u00e8re fusion entre soci\u00e9t\u00e9s de logements sociaux : le Home et le Home familial bruxellois unissent leurs destins - Christos Doulkeridis","robots":{"index":"index","follow":"follow","max-snippet":"max-snippet:-1","max-image-preview":"max-image-preview:large","max-video-preview":"max-video-preview:-1"},"canonical":"https:\/\/www.doulkeridis.be\/blog\/2013\/07\/18\/premiere-fusion-entre-societes-de-logements-sociaux-le-home-et-le-home-familial-bruxellois-unissent-leurs-destins\/","og_locale":"fr_FR","og_type":"article","og_title":"Premi\u00e8re fusion entre soci\u00e9t\u00e9s de logements sociaux : le Home et le Home familial bruxellois unissent leurs destins - Christos Doulkeridis","og_description":"Les choses n&rsquo;ont pas tra\u00een\u00e9. Le processus de rationalisation du secteur du logement social vient \u00e0 peine d&rsquo;\u00eatre vot\u00e9 et une premi\u00e8re fusion entre deux soci\u00e9t\u00e9s de logement social a \u00e9t\u00e9 officialis\u00e9e hier soir. En effet, les soci\u00e9t\u00e9s coop\u00e9ratives de locataires Le HOME ( 278 logements) et Le HOME FAMILIAL BRUXELLOIS (546 logements) ont, d\u00e9j\u00e0 ce 17 juillet, uni leur destin\u00e9e en fusionnant entre elles. Comme l&rsquo;ont expliqu\u00e9 les deux soci\u00e9t\u00e9s qui ont pris la d\u00e9cision de fusionner, il ne s&rsquo;agit pas d&rsquo;un mariage de raison, mais de la volont\u00e9 de se mobiliser sur un nouveau projet d&rsquo;entreprise.\u00a0 Je tenais \u00e0 saluer cette fusion qui s&rsquo;inscrit dans la r\u00e9forme que je m\u00e8ne au sein du logement social. La dynamique de rationalisation dans laquelle s&rsquo;inscrit cette fusion permettra une consolidation du secteur et une meilleure utilisation des moyens afin de mieux assumer les missions principales du secteur du logement social : g\u00e9rer en bon p\u00e8re ou bonne m\u00e8re de famille le patrimoine actuel et les travaux de r\u00e9novation n\u00e9cessaires, les relations avec les locataires ainsi que les programmes d&rsquo;extension indispensable du patrimoine. La nouvelle soci\u00e9t\u00e9 s&rsquo;appellera \u00ab LE HOME BRUXELLOIS \u00bb. Le nouveau nom de cette coop\u00e9rative de locataires atteste de [&hellip;]","og_url":"https:\/\/www.doulkeridis.be\/blog\/2013\/07\/18\/premiere-fusion-entre-societes-de-logements-sociaux-le-home-et-le-home-familial-bruxellois-unissent-leurs-destins\/","og_site_name":"Christos Doulkeridis","article_publisher":"https:\/\/www.facebook.com\/doulkeridis","article_published_time":"2013-07-18T10:34:46+00:00","article_modified_time":"2013-07-18T14:18:19+00:00","og_image":[{"width":1024,"height":685,"url":"https:\/\/www.doulkeridis.be\/blog\/wp-content\/uploads\/2013\/07\/fusion-home-027-1024x685.jpg","type":"image\/jpeg"}],"author":"Christos Doulkeridis","twitter_card":"summary_large_image","twitter_misc":{"\u00c9crit par":"Christos Doulkeridis","Dur\u00e9e de lecture estim\u00e9e":"1 minute"},"schema":{"@context":"https:\/\/schema.org","@graph":[{"@type":"Article","@id":"https:\/\/www.doulkeridis.be\/blog\/2013\/07\/18\/premiere-fusion-entre-societes-de-logements-sociaux-le-home-et-le-home-familial-bruxellois-unissent-leurs-destins\/#article","isPartOf":{"@id":"https:\/\/www.doulkeridis.be\/blog\/2013\/07\/18\/premiere-fusion-entre-societes-de-logements-sociaux-le-home-et-le-home-familial-bruxellois-unissent-leurs-destins\/"},"author":{"name":"Christos Doulkeridis","@id":"https:\/\/www.doulkeridis.be\/blog\/#\/schema\/person\/9f03f3459f0a4ba4db02aabbba098365"},"headline":"Premi\u00e8re fusion entre soci\u00e9t\u00e9s de logements sociaux : le Home et le Home familial bruxellois unissent leurs destins","datePublished":"2013-07-18T10:34:46+00:00","dateModified":"2013-07-18T14:18:19+00:00","mainEntityOfPage":{"@id":"https:\/\/www.doulkeridis.be\/blog\/2013\/07\/18\/premiere-fusion-entre-societes-de-logements-sociaux-le-home-et-le-home-familial-bruxellois-unissent-leurs-destins\/"},"wordCount":313,"commentCount":0,"publisher":{"@id":"https:\/\/www.doulkeridis.be\/blog\/#organization"},"image":{"@id":"https:\/\/www.doulkeridis.be\/blog\/2013\/07\/18\/premiere-fusion-entre-societes-de-logements-sociaux-le-home-et-le-home-familial-bruxellois-unissent-leurs-destins\/#primaryimage"},"thumbnailUrl":"https:\/\/www.doulkeridis.be\/blog\/wp-content\/uploads\/2013\/07\/fusion-home-027.jpg","keywords":["fusion","logement social","rationalisation"],"articleSection":["Logement"],"inLanguage":"fr-FR","potentialAction":[{"@type":"CommentAction","name":"Comment","target":["https:\/\/www.doulkeridis.be\/blog\/2013\/07\/18\/premiere-fusion-entre-societes-de-logements-sociaux-le-home-et-le-home-familial-bruxellois-unissent-leurs-destins\/#respond"]}]},{"@type":"WebPage","@id":"https:\/\/www.doulkeridis.be\/blog\/2013\/07\/18\/premiere-fusion-entre-societes-de-logements-sociaux-le-home-et-le-home-familial-bruxellois-unissent-leurs-destins\/","url":"https:\/\/www.doulkeridis.be\/blog\/2013\/07\/18\/premiere-fusion-entre-societes-de-logements-sociaux-le-home-et-le-home-familial-bruxellois-unissent-leurs-destins\/","name":"Premi\u00e8re fusion entre soci\u00e9t\u00e9s de logements sociaux : le Home et le Home familial bruxellois unissent leurs destins - Christos Doulkeridis","isPartOf":{"@id":"https:\/\/www.doulkeridis.be\/blog\/#website"},"primaryImageOfPage":{"@id":"https:\/\/www.doulkeridis.be\/blog\/2013\/07\/18\/premiere-fusion-entre-societes-de-logements-sociaux-le-home-et-le-home-familial-bruxellois-unissent-leurs-destins\/#primaryimage"},"image":{"@id":"https:\/\/www.doulkeridis.be\/blog\/2013\/07\/18\/premiere-fusion-entre-societes-de-logements-sociaux-le-home-et-le-home-familial-bruxellois-unissent-leurs-destins\/#primaryimage"},"thumbnailUrl":"https:\/\/www.doulkeridis.be\/blog\/wp-content\/uploads\/2013\/07\/fusion-home-027.jpg","datePublished":"2013-07-18T10:34:46+00:00","dateModified":"2013-07-18T14:18:19+00:00","breadcrumb":{"@id":"https:\/\/www.doulkeridis.be\/blog\/2013\/07\/18\/premiere-fusion-entre-societes-de-logements-sociaux-le-home-et-le-home-familial-bruxellois-unissent-leurs-destins\/#breadcrumb"},"inLanguage":"fr-FR","potentialAction":[{"@type":"ReadAction","target":["https:\/\/www.doulkeridis.be\/blog\/2013\/07\/18\/premiere-fusion-entre-societes-de-logements-sociaux-le-home-et-le-home-familial-bruxellois-unissent-leurs-destins\/"]}]},{"@type":"ImageObject","inLanguage":"fr-FR","@id":"https:\/\/www.doulkeridis.be\/blog\/2013\/07\/18\/premiere-fusion-entre-societes-de-logements-sociaux-le-home-et-le-home-familial-bruxellois-unissent-leurs-destins\/#primaryimage","url":"https:\/\/www.doulkeridis.be\/blog\/wp-content\/uploads\/2013\/07\/fusion-home-027.jpg","contentUrl":"https:\/\/www.doulkeridis.be\/blog\/wp-content\/uploads\/2013\/07\/fusion-home-027.jpg","width":3872,"height":2592},{"@type":"BreadcrumbList","@id":"https:\/\/www.doulkeridis.be\/blog\/2013\/07\/18\/premiere-fusion-entre-societes-de-logements-sociaux-le-home-et-le-home-familial-bruxellois-unissent-leurs-destins\/#breadcrumb","itemListElement":[{"@type":"ListItem","position":1,"name":"Accueil","item":"https:\/\/www.doulkeridis.be\/blog\/"},{"@type":"ListItem","position":2,"name":"Premi\u00e8re fusion entre soci\u00e9t\u00e9s de logements sociaux : le Home et le Home familial bruxellois unissent leurs destins"}]},{"@type":"WebSite","@id":"https:\/\/www.doulkeridis.be\/blog\/#website","url":"https:\/\/www.doulkeridis.be\/blog\/","name":"Christos Doulkeridis","description":"Coach | Consultant en solutions, gestion de crise, n\u00e9gociations","publisher":{"@id":"https:\/\/www.doulkeridis.be\/blog\/#organization"},"potentialAction":[{"@type":"SearchAction","target":{"@type":"EntryPoint","urlTemplate":"https:\/\/www.doulkeridis.be\/blog\/?s={search_term_string}"},"query-input":{"@type":"PropertyValueSpecification","valueRequired":true,"valueName":"search_term_string"}}],"inLanguage":"fr-FR"},{"@type":"Organization","@id":"https:\/\/www.doulkeridis.be\/blog\/#organization","name":"Ulyse","url":"https:\/\/www.doulkeridis.be\/blog\/","logo":{"@type":"ImageObject","inLanguage":"fr-FR","@id":"https:\/\/www.doulkeridis.be\/blog\/#\/schema\/logo\/image\/","url":"https:\/\/www.doulkeridis.be\/blog\/wp-content\/uploads\/2026\/04\/2-5.png","contentUrl":"https:\/\/www.doulkeridis.be\/blog\/wp-content\/uploads\/2026\/04\/2-5.png","width":1024,"height":728,"caption":"Ulyse"},"image":{"@id":"https:\/\/www.doulkeridis.be\/blog\/#\/schema\/logo\/image\/"},"sameAs":["https:\/\/www.facebook.com\/doulkeridis","https:\/\/www.facebook.com\/christosdoulkeridis2"]},{"@type":"Person","@id":"https:\/\/www.doulkeridis.be\/blog\/#\/schema\/person\/9f03f3459f0a4ba4db02aabbba098365","name":"Christos Doulkeridis","image":{"@type":"ImageObject","inLanguage":"fr-FR","@id":"https:\/\/secure.gravatar.com\/avatar\/71cb6e4369ca0615d93730ef3bc5f54642df4f6bcc59b92763d2ac434abf103e?s=96&d=mm&r=g","url":"https:\/\/secure.gravatar.com\/avatar\/71cb6e4369ca0615d93730ef3bc5f54642df4f6bcc59b92763d2ac434abf103e?s=96&d=mm&r=g","contentUrl":"https:\/\/secure.gravatar.com\/avatar\/71cb6e4369ca0615d93730ef3bc5f54642df4f6bcc59b92763d2ac434abf103e?s=96&d=mm&r=g","caption":"Christos Doulkeridis"},"url":"https:\/\/www.doulkeridis.be\/blog\/author\/christos\/"}]}},"_links":{"self":[{"href":"https:\/\/www.doulkeridis.be\/blog\/wp-json\/wp\/v2\/posts\/9991","targetHints":{"allow":["GET"]}}],"collection":[{"href":"https:\/\/www.doulkeridis.be\/blog\/wp-json\/wp\/v2\/posts"}],"about":[{"href":"https:\/\/www.doulkeridis.be\/blog\/wp-json\/wp\/v2\/types\/post"}],"author":[{"embeddable":true,"href":"https:\/\/www.doulkeridis.be\/blog\/wp-json\/wp\/v2\/users\/2"}],"replies":[{"embeddable":true,"href":"https:\/\/www.doulkeridis.be\/blog\/wp-json\/wp\/v2\/comments?post=9991"}],"version-history":[{"count":6,"href":"https:\/\/www.doulkeridis.be\/blog\/wp-json\/wp\/v2\/posts\/9991\/revisions"}],"predecessor-version":[{"id":10013,"href":"https:\/\/www.doulkeridis.be\/blog\/wp-json\/wp\/v2\/posts\/9991\/revisions\/10013"}],"wp:featuredmedia":[{"embeddable":true,"href":"https:\/\/www.doulkeridis.be\/blog\/wp-json\/wp\/v2\/media\/9997"}],"wp:attachment":[{"href":"https:\/\/www.doulkeridis.be\/blog\/wp-json\/wp\/v2\/media?parent=9991"}],"wp:term":[{"taxonomy":"category","embeddable":true,"href":"https:\/\/www.doulkeridis.be\/blog\/wp-json\/wp\/v2\/categories?post=9991"},{"taxonomy":"post_tag","embeddable":true,"href":"https:\/\/www.doulkeridis.be\/blog\/wp-json\/wp\/v2\/tags?post=9991"}],"curies":[{"name":"wp","href":"https:\/\/api.w.org\/{rel}","templated":true}]}}